[{"@context":"https:\/\/schema.org\/","@type":"Article","@id":"https:\/\/www.fragante.cz\/jak-jsem-si-poprve-delala-brokolicovou-kremovou-polevku\/#Article","mainEntityOfPage":"https:\/\/www.fragante.cz\/jak-jsem-si-poprve-delala-brokolicovou-kremovou-polevku\/","headline":"Jak jsem si poprv\u00e9 d\u011blala brokolicovou kr\u00e9movou pol\u00e9vku","name":"Jak jsem si poprv\u00e9 d\u011blala brokolicovou kr\u00e9movou pol\u00e9vku","description":"Jak jsem si poprv\u00e9 d\u011blala brokolicovou kr\u00e9movou pol\u00e9vku. V\u011bd\u011bli jste, \u017ee i z brokolice si m\u016f\u017eete ud\u011blat \u00fa\u017easnou jemn\u011b kr\u00e9movou pol\u00e9vku, kter\u00e1 v\u00e1s zasyt\u00ed a","datePublished":"2023-10-07","dateModified":"2023-10-07","author":{"@type":"Person","@id":"https:\/\/www.fragante.cz\/author\/devene\/#Person","name":"devene","url":"https:\/\/www.fragante.cz\/author\/devene\/","identifier":1,"image":{"@type":"ImageObject","@id":"https:\/\/secure.gravatar.com\/avatar\/80bc9a30a8183589d38927f3b57d5a9aa763777ca2942415b346d54d020a9840?s=96&d=mm&r=g","url":"https:\/\/secure.gravatar.com\/avatar\/80bc9a30a8183589d38927f3b57d5a9aa763777ca2942415b346d54d020a9840?s=96&d=mm&r=g","height":96,"width":96}},"publisher":{"@type":"Organization","name":"fragante.cz","logo":{"@type":"ImageObject","@id":"\/logo.png","url":"\/logo.png","width":600,"height":60}},"image":{"@type":"ImageObject","@id":"https:\/\/www.fragante.cz\/wp-content\/uploads\/20240131_205157.jpg","url":"https:\/\/www.fragante.cz\/wp-content\/uploads\/20240131_205157.jpg","height":0,"width":0},"url":"https:\/\/www.fragante.cz\/jak-jsem-si-poprve-delala-brokolicovou-kremovou-polevku\/","about":["Lifestyle"],"wordCount":391,"articleBody":"Jak jsem si poprv\u00e9 d\u011blala brokolicovou kr\u00e9movou pol\u00e9vku. V\u011bd\u011bli jste, \u017ee i z brokolice si m\u016f\u017eete ud\u011blat \u00fa\u017easnou jemn\u011b kr\u00e9movou pol\u00e9vku, kter\u00e1 v\u00e1s zasyt\u00ed a bude v\u00e1m chutnat? Kdo by to \u0159ekl. Brokolici moc lid\u00ed samotnou nem\u00e1 moc r\u00e1do, ale kdy\u017e spr\u00e1vn\u011b v\u00edte, jak ji spot\u0159ebovat, tak m\u00e1te vlastn\u011b skoro vyhr\u00e1no. J\u00e1 jsem si dneska poprv\u00e9 d\u011blala brokolicovou kr\u00e9movou pol\u00e9vku. A mus\u00edm \u0159\u00edct, \u017ee na to, \u017ee jsem si myslela, \u017ee mi nebude moc chutnat a nem\u011bla jsem od toho moc o\u010dek\u00e1v\u00e1n\u00ed, jsem byla naprosto p\u0159ekvapen\u00e1 a v \u0161oku. V\u016fbec jsem toti\u017e nev\u011bd\u011bla, \u017ee i z brokolice se d\u00e1 vykouzlit tak chutn\u00e9 j\u00eddlo, kter\u00e9 v\u00e1s zasyt\u00ed a p\u0159itom je docela odleh\u010den\u00e9..Za\u010dala jsem t\u00edm, \u017ee jsem vyt\u00e1hla z mraz\u00e1ku mra\u017eenou brokolici. M\u016f\u017eete m\u00edt u \u010derstvou, ale nemus\u00edte. Z\u00e1le\u017e\u00ed na v\u00e1s, co preferujete. J\u00e1 to \u0159eknu narovinu &#8211; pro m\u011b je nejlep\u0161\u00ed a nejleh\u010d\u00ed varianta vyt\u00e1hnout brokolici z mraz\u00e1ku, kter\u00e1 u\u017e je nakouskovan\u00e1. D\u00e1le jsem si rozp\u00e1lila spor\u00e1k a p\u0159ivedla jsem vodu k varu. P\u0159idala jsem tam buj\u00f3nku (zeleninovou) &#8211; to p\u016fvodn\u011b v\u016fbec nebylo v pl\u00e1nu a neuv\u011bdomila jsem si, \u017ee ta nebyla sou\u010d\u00e1st\u00ed receptu, ale nakonec jsem ji tam nechala. Potom jsem do hork\u00e9 vody p\u0159idala tu rozporcovanou brokolici a nechala va\u0159it asi 20 minut. Potom jsem vylila skoro v\u0161echnu vodu a zbyla tam jenom brokolice s tro\u0161i\u010dkou vody.Potom jsem brokolici rozmixovala (ale po\u0159\u00e1dn\u011b, nesm\u00ed tam zb\u00fdt \u017e\u00e1dn\u00e9 nerozmixovan\u00e9 kousky, to by pak nebylo dobr\u00e9) a p\u0159idala jsem 100 ml smetany. Prom\u00edchala jsem a to bylo v\u0161echno. Navrch jsem je\u0161t\u011b p\u0159idala krut\u00f3nky pro ozdobu a bylo to. Kdy\u017e jsem pol\u00e9vku ochutnala, tak jsem fakt nev\u011b\u0159ila, \u017ee jsem ji d\u011blala j\u00e1. Byla v\u00fdborn\u00e1. A u\u017e nen\u00ed. I dce\u0159i moc chutnala, z \u010deho\u017e jsem m\u011bla radost. Tak\u017ee z\u00edtra ji ud\u011bl\u00e1m zase, proto\u017ee to je jedna z pol\u00e9vek, kter\u00e1 mi tak moc zachutnala, \u017ee si ji asi budu va\u0159it ka\u017ed\u00fd t\u00fdden. M\u0148amka!                                                                                                                                                                                                                                                                                                                                                                                                "},{"@context":"https:\/\/schema.org\/","@type":"BreadcrumbList","itemListElement":[{"@type":"ListItem","position":1,"name":"Jak jsem si poprv\u00e9 d\u011blala brokolicovou kr\u00e9movou pol\u00e9vku","item":"https:\/\/www.fragante.cz\/jak-jsem-si-poprve-delala-brokolicovou-kremovou-polevku\/#breadcrumbitem"}]}]