[{"@context":"https:\/\/schema.org\/","@type":"Blog","@id":"https:\/\/www.fragante.cz#Blog","headline":"Fragante","description":"\nO prosp\u011b\u0161nosti webu rozhodn\u011b nesv\u011bd\u010d\u00ed to, co dok\u00e1\u017ee naslibovat. D\u016fle\u017eit\u011bj\u0161\u00ed je to, co ze sl\u00edben\u00e9ho tak\u00e9 dodr\u017e\u00ed. A proto my m\u00e9n\u011b slibujeme, ale v\u0161e pln\u00edme.","url":"https:\/\/www.fragante.cz","hasPart":[{"@type":"Article","@id":"https:\/\/www.fragante.cz\/hodinar-ci-houslar-povolani-s-jistotou-prace\/","headline":"Hodin\u00e1\u0159 \u010di housla\u0159? Povol\u00e1n\u00ed s jistotou pr\u00e1ce!","url":"https:\/\/www.fragante.cz\/hodinar-ci-houslar-povolani-s-jistotou-prace\/","datePublished":"2023-06-07","dateModified":"2023-06-07","mainEntityOfPage":"https:\/\/www.fragante.cz\/hodinar-ci-houslar-povolani-s-jistotou-prace\/","author":{"@type":"Person","@id":"https:\/\/www.fragante.cz\/author\/devene\/#Person","name":"devene","url":"https:\/\/www.fragante.cz\/author\/devene\/","identifier":1,"image":{"@type":"ImageObject","@id":"https:\/\/secure.gravatar.com\/avatar\/80bc9a30a8183589d38927f3b57d5a9aa763777ca2942415b346d54d020a9840?s=96&d=mm&r=g","url":"https:\/\/secure.gravatar.com\/avatar\/80bc9a30a8183589d38927f3b57d5a9aa763777ca2942415b346d54d020a9840?s=96&d=mm&r=g","height":96,"width":96}},"publisher":{"@type":"Organization","name":"fragante.cz","logo":{"@type":"ImageObject","@id":"\/logo.png","url":"\/logo.png","width":600,"height":60}},"image":{"@type":"ImageObject","@id":"https:\/\/www.fragante.cz\/wp-content\/uploads\/img_a294112_w2250_t1506023323.jpg","url":"https:\/\/www.fragante.cz\/wp-content\/uploads\/img_a294112_w2250_t1506023323.jpg","height":0,"width":0},"wordCount":560,"keywords":null},{"@type":"Article","@id":"https:\/\/www.fragante.cz\/zaridte-se-doma-podle-vzoru-prirody\/","headline":"Za\u0159i\u010fte se doma podle vzoru p\u0159\u00edrody","url":"https:\/\/www.fragante.cz\/zaridte-se-doma-podle-vzoru-prirody\/","datePublished":"2023-06-07","dateModified":"2023-06-07","mainEntityOfPage":"https:\/\/www.fragante.cz\/zaridte-se-doma-podle-vzoru-prirody\/","author":{"@type":"Person","@id":"https:\/\/www.fragante.cz\/author\/devene\/#Person","name":"devene","url":"https:\/\/www.fragante.cz\/author\/devene\/","identifier":1,"image":{"@type":"ImageObject","@id":"https:\/\/secure.gravatar.com\/avatar\/80bc9a30a8183589d38927f3b57d5a9aa763777ca2942415b346d54d020a9840?s=96&d=mm&r=g","url":"https:\/\/secure.gravatar.com\/avatar\/80bc9a30a8183589d38927f3b57d5a9aa763777ca2942415b346d54d020a9840?s=96&d=mm&r=g","height":96,"width":96}},"publisher":{"@type":"Organization","name":"fragante.cz","logo":{"@type":"ImageObject","@id":"\/logo.png","url":"\/logo.png","width":600,"height":60}},"image":{"@type":"ImageObject","@id":"https:\/\/www.fragante.cz\/wp-content\/uploads\/img_a291121_w1718_t1503918657.jpg","url":"https:\/\/www.fragante.cz\/wp-content\/uploads\/img_a291121_w1718_t1503918657.jpg","height":0,"width":0},"wordCount":811,"keywords":null},{"@type":"Article","@id":"https:\/\/www.fragante.cz\/co-vsechno-zaridit-do-noveho-bydleni\/","headline":"Co v\u0161echno za\u0159\u00eddit do nov\u00e9ho bydlen\u00ed?","url":"https:\/\/www.fragante.cz\/co-vsechno-zaridit-do-noveho-bydleni\/","datePublished":"2023-06-07","dateModified":"2023-06-07","mainEntityOfPage":"https:\/\/www.fragante.cz\/co-vsechno-zaridit-do-noveho-bydleni\/","author":{"@type":"Person","@id":"https:\/\/www.fragante.cz\/author\/devene\/#Person","name":"devene","url":"https:\/\/www.fragante.cz\/author\/devene\/","identifier":1,"image":{"@type":"ImageObject","@id":"https:\/\/secure.gravatar.com\/avatar\/80bc9a30a8183589d38927f3b57d5a9aa763777ca2942415b346d54d020a9840?s=96&d=mm&r=g","url":"https:\/\/secure.gravatar.com\/avatar\/80bc9a30a8183589d38927f3b57d5a9aa763777ca2942415b346d54d020a9840?s=96&d=mm&r=g","height":96,"width":96}},"publisher":{"@type":"Organization","name":"fragante.cz","logo":{"@type":"ImageObject","@id":"\/logo.png","url":"\/logo.png","width":600,"height":60}},"image":{"@type":"ImageObject","@id":"https:\/\/www.fragante.cz\/wp-content\/uploads\/img_a290153_w2135_t1502266676.jpg","url":"https:\/\/www.fragante.cz\/wp-content\/uploads\/img_a290153_w2135_t1502266676.jpg","height":0,"width":0},"wordCount":501,"keywords":null},{"@type":"Article","@id":"https:\/\/www.fragante.cz\/namibie-zeme-zivota-i-smrti\/","headline":"Namibie \u2013 zem\u011b \u017eivota i smrti","url":"https:\/\/www.fragante.cz\/namibie-zeme-zivota-i-smrti\/","datePublished":"2023-06-07","dateModified":"2023-06-07","mainEntityOfPage":"https:\/\/www.fragante.cz\/namibie-zeme-zivota-i-smrti\/","author":{"@type":"Person","@id":"https:\/\/www.fragante.cz\/author\/devene\/#Person","name":"devene","url":"https:\/\/www.fragante.cz\/author\/devene\/","identifier":1,"image":{"@type":"ImageObject","@id":"https:\/\/secure.gravatar.com\/avatar\/80bc9a30a8183589d38927f3b57d5a9aa763777ca2942415b346d54d020a9840?s=96&d=mm&r=g","url":"https:\/\/secure.gravatar.com\/avatar\/80bc9a30a8183589d38927f3b57d5a9aa763777ca2942415b346d54d020a9840?s=96&d=mm&r=g","height":96,"width":96}},"publisher":{"@type":"Organization","name":"fragante.cz","logo":{"@type":"ImageObject","@id":"\/logo.png","url":"\/logo.png","width":600,"height":60}},"image":{"@type":"ImageObject","@id":"https:\/\/www.fragante.cz\/wp-content\/uploads\/img_a287697_w2188_t1498308936.jpg","url":"https:\/\/www.fragante.cz\/wp-content\/uploads\/img_a287697_w2188_t1498308936.jpg","height":0,"width":0},"wordCount":505,"keywords":null},{"@type":"Article","@id":"https:\/\/www.fragante.cz\/nakladne-ale-nadherne-smaragd-indickeho-oceanu\/","headline":"N\u00e1kladn\u00e9, ale n\u00e1dhern\u00e9: smaragd indick\u00e9ho oce\u00e1nu","url":"https:\/\/www.fragante.cz\/nakladne-ale-nadherne-smaragd-indickeho-oceanu\/","datePublished":"2023-06-07","dateModified":"2023-06-07","mainEntityOfPage":"https:\/\/www.fragante.cz\/nakladne-ale-nadherne-smaragd-indickeho-oceanu\/","author":{"@type":"Person","@id":"https:\/\/www.fragante.cz\/author\/devene\/#Person","name":"devene","url":"https:\/\/www.fragante.cz\/author\/devene\/","identifier":1,"image":{"@type":"ImageObject","@id":"https:\/\/secure.gravatar.com\/avatar\/80bc9a30a8183589d38927f3b57d5a9aa763777ca2942415b346d54d020a9840?s=96&d=mm&r=g","url":"https:\/\/secure.gravatar.com\/avatar\/80bc9a30a8183589d38927f3b57d5a9aa763777ca2942415b346d54d020a9840?s=96&d=mm&r=g","height":96,"width":96}},"publisher":{"@type":"Organization","name":"fragante.cz","logo":{"@type":"ImageObject","@id":"\/logo.png","url":"\/logo.png","width":600,"height":60}},"image":null,"wordCount":446,"keywords":null},{"@type":"Article","@id":"https:\/\/www.fragante.cz\/na-co-byste-meli-byt-pripraveni-nez-si-poridite-deti\/","headline":"Na co byste m\u011bli b\u00fdt p\u0159ipraveni, ne\u017e si po\u0159\u00edd\u00edte d\u011bti","url":"https:\/\/www.fragante.cz\/na-co-byste-meli-byt-pripraveni-nez-si-poridite-deti\/","datePublished":"2023-06-07","dateModified":"2023-06-07","mainEntityOfPage":"https:\/\/www.fragante.cz\/na-co-byste-meli-byt-pripraveni-nez-si-poridite-deti\/","author":{"@type":"Person","@id":"https:\/\/www.fragante.cz\/author\/devene\/#Person","name":"devene","url":"https:\/\/www.fragante.cz\/author\/devene\/","identifier":1,"image":{"@type":"ImageObject","@id":"https:\/\/secure.gravatar.com\/avatar\/80bc9a30a8183589d38927f3b57d5a9aa763777ca2942415b346d54d020a9840?s=96&d=mm&r=g","url":"https:\/\/secure.gravatar.com\/avatar\/80bc9a30a8183589d38927f3b57d5a9aa763777ca2942415b346d54d020a9840?s=96&d=mm&r=g","height":96,"width":96}},"publisher":{"@type":"Organization","name":"fragante.cz","logo":{"@type":"ImageObject","@id":"\/logo.png","url":"\/logo.png","width":600,"height":60}},"image":null,"wordCount":611,"keywords":null},{"@type":"Article","@id":"https:\/\/www.fragante.cz\/prakticka-ozdoba-interieru\/","headline":"Praktick\u00e1 ozdoba interi\u00e9ru","url":"https:\/\/www.fragante.cz\/prakticka-ozdoba-interieru\/","datePublished":"2023-06-07","dateModified":"2023-06-07","mainEntityOfPage":"https:\/\/www.fragante.cz\/prakticka-ozdoba-interieru\/","author":{"@type":"Person","@id":"https:\/\/www.fragante.cz\/author\/devene\/#Person","name":"devene","url":"https:\/\/www.fragante.cz\/author\/devene\/","identifier":1,"image":{"@type":"ImageObject","@id":"https:\/\/secure.gravatar.com\/avatar\/80bc9a30a8183589d38927f3b57d5a9aa763777ca2942415b346d54d020a9840?s=96&d=mm&r=g","url":"https:\/\/secure.gravatar.com\/avatar\/80bc9a30a8183589d38927f3b57d5a9aa763777ca2942415b346d54d020a9840?s=96&d=mm&r=g","height":96,"width":96}},"publisher":{"@type":"Organization","name":"fragante.cz","logo":{"@type":"ImageObject","@id":"\/logo.png","url":"\/logo.png","width":600,"height":60}},"image":null,"wordCount":495,"keywords":null},{"@type":"Article","@id":"https:\/\/www.fragante.cz\/mikrocip-pro-oznaceni-vaseho-pejska\/","headline":"Mikro\u010dip pro ozna\u010den\u00ed va\u0161eho pejska","url":"https:\/\/www.fragante.cz\/mikrocip-pro-oznaceni-vaseho-pejska\/","datePublished":"2023-06-07","dateModified":"2023-06-07","mainEntityOfPage":"https:\/\/www.fragante.cz\/mikrocip-pro-oznaceni-vaseho-pejska\/","author":{"@type":"Person","@id":"https:\/\/www.fragante.cz\/author\/devene\/#Person","name":"devene","url":"https:\/\/www.fragante.cz\/author\/devene\/","identifier":1,"image":{"@type":"ImageObject","@id":"https:\/\/secure.gravatar.com\/avatar\/80bc9a30a8183589d38927f3b57d5a9aa763777ca2942415b346d54d020a9840?s=96&d=mm&r=g","url":"https:\/\/secure.gravatar.com\/avatar\/80bc9a30a8183589d38927f3b57d5a9aa763777ca2942415b346d54d020a9840?s=96&d=mm&r=g","height":96,"width":96}},"publisher":{"@type":"Organization","name":"fragante.cz","logo":{"@type":"ImageObject","@id":"\/logo.png","url":"\/logo.png","width":600,"height":60}},"image":null,"wordCount":416,"keywords":null},{"@type":"Article","@id":"https:\/\/www.fragante.cz\/jak-ziskat-sebedisciplinu\/","headline":"Jak z\u00edskat sebediscipl\u00ednu?","url":"https:\/\/www.fragante.cz\/jak-ziskat-sebedisciplinu\/","datePublished":"2023-05-23","dateModified":"2023-05-23","mainEntityOfPage":"https:\/\/www.fragante.cz\/jak-ziskat-sebedisciplinu\/","author":{"@type":"Person","@id":"https:\/\/www.fragante.cz\/author\/devene\/#Person","name":"devene","url":"https:\/\/www.fragante.cz\/author\/devene\/","identifier":1,"image":{"@type":"ImageObject","@id":"https:\/\/secure.gravatar.com\/avatar\/80bc9a30a8183589d38927f3b57d5a9aa763777ca2942415b346d54d020a9840?s=96&d=mm&r=g","url":"https:\/\/secure.gravatar.com\/avatar\/80bc9a30a8183589d38927f3b57d5a9aa763777ca2942415b346d54d020a9840?s=96&d=mm&r=g","height":96,"width":96}},"publisher":{"@type":"Organization","name":"fragante.cz","logo":{"@type":"ImageObject","@id":"\/logo.png","url":"\/logo.png","width":600,"height":60}},"image":{"@type":"ImageObject","@id":"https:\/\/www.fragante.cz\/wp-content\/uploads\/jumper-1542465_960_720.jpg","url":"https:\/\/www.fragante.cz\/wp-content\/uploads\/jumper-1542465_960_720.jpg","height":0,"width":0},"wordCount":533,"keywords":null},{"@type":"Article","@id":"https:\/\/www.fragante.cz\/jak-se-chranit-pred-negativni-energii\/","headline":"Jak se chr\u00e1nit p\u0159ed negativn\u00ed energi\u00ed?","url":"https:\/\/www.fragante.cz\/jak-se-chranit-pred-negativni-energii\/","datePublished":"2023-05-23","dateModified":"2023-05-23","mainEntityOfPage":"https:\/\/www.fragante.cz\/jak-se-chranit-pred-negativni-energii\/","author":{"@type":"Person","@id":"https:\/\/www.fragante.cz\/author\/devene\/#Person","name":"devene","url":"https:\/\/www.fragante.cz\/author\/devene\/","identifier":1,"image":{"@type":"ImageObject","@id":"https:\/\/secure.gravatar.com\/avatar\/80bc9a30a8183589d38927f3b57d5a9aa763777ca2942415b346d54d020a9840?s=96&d=mm&r=g","url":"https:\/\/secure.gravatar.com\/avatar\/80bc9a30a8183589d38927f3b57d5a9aa763777ca2942415b346d54d020a9840?s=96&d=mm&r=g","height":96,"width":96}},"publisher":{"@type":"Organization","name":"fragante.cz","logo":{"@type":"ImageObject","@id":"\/logo.png","url":"\/logo.png","width":600,"height":60}},"image":{"@type":"ImageObject","@id":"https:\/\/www.fragante.cz\/wp-content\/uploads\/pexels-pavel-danilyuk-6443481_1.jpg","url":"https:\/\/www.fragante.cz\/wp-content\/uploads\/pexels-pavel-danilyuk-6443481_1.jpg","height":0,"width":0},"wordCount":520,"keywords":null}]},{"@context":"https:\/\/schema.org","@type":"WebSite","@id":"https:\/\/www.fragante.cz\/#website","name":"Fragante","url":"https:\/\/www.fragante.cz","potentialAction":{"@type":"SearchAction","target":"https:\/\/www.fragante.cz\/?s={search_term_string}","query-input":"required name=search_term_string"}}]