[{"@context":"https:\/\/schema.org\/","@type":"Article","@id":"https:\/\/www.fragante.cz\/pergola-muze-mit-vsestranne-vyuziti\/#Article","mainEntityOfPage":"https:\/\/www.fragante.cz\/pergola-muze-mit-vsestranne-vyuziti\/","headline":"Pergola m\u016f\u017ee m\u00edt v\u0161estrann\u00e9 vyu\u017eit\u00ed","name":"Pergola m\u016f\u017ee m\u00edt v\u0161estrann\u00e9 vyu\u017eit\u00ed","description":"O rodinn\u00e9m dome\u010dku sn\u00ed jist\u011b velk\u00e9 mno\u017estv\u00ed na\u0161ich spoluob\u010dan\u016f, p\u0159i\u010dem\u017e je zde velk\u00e9 procento toho, \u017ee se jejich sen napln\u00ed. K t\u00e9to stavb\u011b v\u0161ak pat\u0159\u00ed","datePublished":"2020-04-13","dateModified":"2023-12-20","author":{"@type":"Person","@id":"https:\/\/www.fragante.cz\/author\/devene\/#Person","name":"devene","url":"https:\/\/www.fragante.cz\/author\/devene\/","identifier":1,"image":{"@type":"ImageObject","@id":"https:\/\/secure.gravatar.com\/avatar\/80bc9a30a8183589d38927f3b57d5a9aa763777ca2942415b346d54d020a9840?s=96&d=mm&r=g","url":"https:\/\/secure.gravatar.com\/avatar\/80bc9a30a8183589d38927f3b57d5a9aa763777ca2942415b346d54d020a9840?s=96&d=mm&r=g","height":96,"width":96}},"publisher":{"@type":"Organization","name":"fragante.cz","logo":{"@type":"ImageObject","@id":"\/logo.png","url":"\/logo.png","width":600,"height":60}},"image":{"@type":"ImageObject","@id":"https:\/\/www.fragante.cz\/wp-content\/uploads\/stavba%20d%C5%99ev%C4%9Bn%C3%A9%20pergoly.jpg","url":"https:\/\/www.fragante.cz\/wp-content\/uploads\/stavba%20d%C5%99ev%C4%9Bn%C3%A9%20pergoly.jpg","height":0,"width":0},"url":"https:\/\/www.fragante.cz\/pergola-muze-mit-vsestranne-vyuziti\/","about":["Produkty"],"wordCount":415,"articleBody":"             O rodinn\u00e9m dome\u010dku sn\u00ed jist\u011b velk\u00e9 mno\u017estv\u00ed na\u0161ich spoluob\u010dan\u016f, p\u0159i\u010dem\u017e je zde velk\u00e9 procento toho, \u017ee se jejich sen napln\u00ed. K t\u00e9to stavb\u011b v\u0161ak pat\u0159\u00ed i pat\u0159i\u010dn\u011b prostorn\u00e1 zahrada, na kter\u00e9 si ka\u017ed\u00fd \u010dlen rodiny najde sv\u00e9 obl\u00edben\u00e9 m\u00edsto. A kdy\u017e se budou cht\u00edt sej\u00edt, je jist\u011b vhodn\u00e9, aby zde m\u011bli n\u011bco, co jim k tomuto \u00fa\u010delu poslou\u017e\u00ed.Velmi dobr\u00fdm n\u00e1padem jsou tak zahradn\u00ed pergoly d\u0159ev\u011bn\u00e9, kter\u00e9 napomohou tomu, aby se ve sv\u00e9m domov\u011b dan\u00ed lid\u00e9 c\u00edtili opravdu dob\u0159e. Tyto pergoly jsou tak n\u011b\u010d\u00edm, co jist\u011b velmi pot\u0159ebujete, jeliko\u017e pr\u00e1v\u011b ony p\u0159edstavuj\u00ed m\u00edsto, kde se m\u016f\u017ee sej\u00edt cel\u00e1 rodina, p\u0159i\u010dem\u017e je ve sv\u00e9 podstat\u011b jedno, z jak\u00e9ho d\u016fvodu to bude. M\u016f\u017ee j\u00edt kup\u0159\u00edkladu o to, \u017ee si chcete spole\u010dn\u011b u\u017e\u00edt kr\u00e1sn\u00fd den venku, nebo tak\u00e9 o to, \u017ee chcete vyzkou\u0161et nov\u011b zakoupen\u00fd gril, kter\u00fd od te\u010f tvo\u0159\u00ed ned\u00edlnou sou\u010d\u00e1st t\u00e9to kr\u00e1sn\u00e9, d\u0159ev\u011bn\u00e9 stavby.Je tak tedy jen a jen na v\u00e1s, pro jakou \u010dinnost se rozhodnete. V\u011b\u0159\u00edm, \u017ee a\u0165 u\u017e zde budete d\u011blat cokoliv, jist\u011b v\u017edy budete v\u0161ichni maxim\u00e1ln\u011b spokojeni, jeliko\u017e i pergola m\u016f\u017ee napomoci k z\u00edsk\u00e1n\u00ed harmonie, a to nejen v r\u00e1mci va\u0161eho bydlen\u00ed, ale i v r\u00e1mci va\u0161ich \u017eivot\u016f. Je tak tedy nutn\u00e9 \u0159\u00edci, \u017ee tento objekt m\u00e1 mnoho zp\u016fsob\u016f, jak jej vyu\u017e\u00edt.Kup\u0159\u00edkladu m\u016f\u017ee slou\u017eit tak\u00e9 jako kr\u00e1sn\u00e1 dekorace v r\u00e1mci va\u0161\u00ed zahrady, p\u0159i\u010dem\u017e tak podtrhne jej\u00ed charakter. Nav\u00edc, jeliko\u017e se jedn\u00e1 o v\u00fdrobek ze d\u0159eva, budete kr\u00e1sn\u011b ladit s okoln\u00ed p\u0159\u00edrodou, co\u017e se jist\u011b vyplat\u00ed. Tato pergola tak p\u0159edstavuje mo\u017eno, jak se dostat do jak\u00e9si harmonie s \u017eivotn\u00edm prost\u0159ed\u00edm, co\u017e se b\u011bhem \u017eivota poda\u0159\u00ed jen m\u00e1lokomu.Je tak tedy vid\u011bt, \u017ee opravdu z\u00e1le\u017e\u00ed na jednotlivc\u00edch, jeliko\u017e n\u011bkdo jin\u00fd m\u016f\u017ee vid\u011bt jej\u00ed vyu\u017eit\u00ed zcela odli\u0161n\u00fdm zp\u016fsobem, ne\u017e vy sami. P\u0159i jej\u00edm po\u0159izovan\u00ed je tak vhodn\u00e9 promluvit si se zb\u00fdvaj\u00edc\u00edmi \u010dleny va\u0161\u00ed dom\u00e1cnosti, a to zejm\u00e9na z toho d\u016fvodu, \u017ee je nutn\u00e9, aby se zde l\u00edbilo opravdu v\u0161em!                                                                                                                                                                                                                                                                                                                                                                                                  "},{"@context":"https:\/\/schema.org\/","@type":"BreadcrumbList","itemListElement":[{"@type":"ListItem","position":1,"name":"Pergola m\u016f\u017ee m\u00edt v\u0161estrann\u00e9 vyu\u017eit\u00ed","item":"https:\/\/www.fragante.cz\/pergola-muze-mit-vsestranne-vyuziti\/#breadcrumbitem"}]}]