[{"@context":"https:\/\/schema.org\/","@type":"Article","@id":"https:\/\/www.fragante.cz\/zla-doba\/#Article","mainEntityOfPage":"https:\/\/www.fragante.cz\/zla-doba\/","headline":"Zl\u00e1 doba","name":"Zl\u00e1 doba","description":"Zda to bylo z a vl\u00e1dy kom\u00e1r\u016f dobr\u00e9 \u010di \u0161patn\u011b se \u0159\u00edci ned\u00e1. Pro ty oby\u010dejn\u00e9 lidi a svobodu slova zcel a jist\u011b ne. Ale","datePublished":"2024-01-16","dateModified":"2024-02-19","author":{"@type":"Person","@id":"https:\/\/www.fragante.cz\/author\/devene\/#Person","name":"devene","url":"https:\/\/www.fragante.cz\/author\/devene\/","identifier":1,"image":{"@type":"ImageObject","@id":"https:\/\/secure.gravatar.com\/avatar\/80bc9a30a8183589d38927f3b57d5a9aa763777ca2942415b346d54d020a9840?s=96&d=mm&r=g","url":"https:\/\/secure.gravatar.com\/avatar\/80bc9a30a8183589d38927f3b57d5a9aa763777ca2942415b346d54d020a9840?s=96&d=mm&r=g","height":96,"width":96}},"publisher":{"@type":"Organization","name":"fragante.cz","logo":{"@type":"ImageObject","@id":"\/logo.png","url":"\/logo.png","width":600,"height":60}},"image":{"@type":"ImageObject","@id":"https:\/\/www.fragante.cz\/wp-content\/uploads\/trucks-5497781_640.jpg","url":"https:\/\/www.fragante.cz\/wp-content\/uploads\/trucks-5497781_640.jpg","height":0,"width":0},"url":"https:\/\/www.fragante.cz\/zla-doba\/","about":["Produkty"],"wordCount":418,"articleBody":"   Zda to bylo z a vl\u00e1dy kom\u00e1r\u016f dobr\u00e9 \u010di \u0161patn\u011b se \u0159\u00edci ned\u00e1. Pro ty oby\u010dejn\u00e9 lidi a svobodu slova zcel a jist\u011b ne. Ale pro ty ostatn\u00ed. Ale my zde nejsme proto, abychom rozeb\u00edrali p\u0159esnou definici zl\u00fdch \u010das\u016f. Je fakt, \u017ee se tento v\u00fdraz pou\u017e\u00edval i za hr\u016fzovl\u00e1dy komund\u00edr\u016f a p\u0159estalo to a\u017e se sametovou revoluc\u00ed. Jen\u017ee, jak to v\u0161echno dopadlo, to v\u00edte sami a d\u00e1 se op\u011bt \u0159\u00edkat, \u017ee je doba zl\u00e1, doba krizov\u00e1. No, lehk\u00e9 to rozhodn\u011b nem\u00e1me. Sice nestoj\u00edme frontu na pomeran\u010de a ban\u00e1ny, ale tak\u00e9 na n\u011b mnoho lid\u00ed nem\u00e1. P\u0159esto se dov\u00e1\u017eej\u00ed a dov\u00e1\u017e\u00ed se tak\u00e9 jin\u00e9 v\u011bci, kter\u00e9 jsme tu nem\u00edvali a na kter\u00e9 jsme si prost\u011b zvykli. Nevn\u00edm\u00e1me, \u017ee je sem musel n\u011bkdo n\u011bjak dopravit a chce za to pochopiteln\u011b zaplatit.Proto se n\u00e1m to zd\u00e1 drah\u00e9. Je pak t\u011b\u017ek\u00e9 ch\u00e1pat, \u017ee ovoce dovezen\u00e9 nap\u0159\u00edklad ze \u0160pan\u011blska je levn\u011bj\u0161\u00ed ne\u017e ovoce dovezen\u00e9 ze sadu vzd\u00e1len\u00e9ho dvacet kilometr\u016f od m\u011bsta. Proto kupujeme kilo ban\u00e1n\u016f za dvacet p\u011bt korun a kilo na\u0161ich jablek za \u010dty\u0159icet. Ano, je to d\u00e1no t\u00edm, kdo p\u0159epravuje a jak. \u0158\u00edk\u00e1 se tomu automobilov\u00e1 logistika a rozhodn\u011b to nen\u00ed jen o platu \u0159idi\u010d\u016fm a cen\u011b za naftu. Je to o hodn\u011b v\u00edce v\u011bcech, o kter\u00fdch nem\u00e1 laik ani tu\u0161en\u00ed. Napadlo v\u00e1s t\u0159eba, \u017ee je podstatn\u00e9 i to v \u010dem se zbo\u017e\u00ed p\u0159ev\u00e1\u017e\u00ed? Ano, i to do toho spad\u00e1. Tak\u017ee se na to pod\u00edvejme jen stru\u010dn\u011b a v celku. Krize? Ano, ale tak\u00e9 p\u0159\u00edle\u017eitost, jak zlep\u0161it automobilovou logistiku. Jen\u017ee se na to mus\u00ed j\u00edt moud\u0159e a d\u00e1 se \u0159\u00edci, \u017ee i tak trochu s fortelem. Samoz\u0159ejm\u011b, \u017ee tohle nem\u016f\u017ee \u0159e\u0161it kde jak\u00fd jouda z Horn\u00ed Doln\u00ed vsi. Tedy, m\u016f\u017ee, ale asi ne s\u00e1m. Tak\u017ee si vezme n\u011bkoho, kdo do v\u011bci vid\u00ed a kdo tomu rozum\u00ed. Nap\u0159\u00edklad toho, na koho je v\u00fd\u0161e dan\u00fd link neboli \u010desky odkaz. Posta\u010d\u00ed kliknut\u00ed a \u010dlov\u011bk se tak ocitne ve zcela jin\u00e9m sv\u011bt\u011b. Ve sv\u011bt\u011b kamion\u016f, p\u0159epravn\u00edch kontejner\u016f a podobn\u00fdch z\u00e1le\u017eitost\u00ed. Zde se domlouv\u00e1 spolupr\u00e1ce nebo n\u00e1kup. Jak kdo chce a pot\u0159ebuje.                                                                                                                                                                                                                                                                                                                                                                                                   "},{"@context":"https:\/\/schema.org\/","@type":"BreadcrumbList","itemListElement":[{"@type":"ListItem","position":1,"name":"Zl\u00e1 doba","item":"https:\/\/www.fragante.cz\/zla-doba\/#breadcrumbitem"}]}]